{"id":1,"name":"Melibera","url":"","description":"Melibera Web Hizmetleri 2014 y\u0131l\u0131nda kurulmu\u015f ve m\u00fc\u015fterilerine \u00e7\u00f6z\u00fcm ortakl\u0131\u011f\u0131 sa\u011flayan bir kurulu\u015ftur. Alan\u0131nda uzman ki\u015filerin bir araya gelerek birbirleri ile dayana\u015farak ilerletti\u011fi Melibera, \u0130lerleyen d\u00f6nemlerde y\u00fckseli\u015fini artt\u0131rmak ve sekt\u00f6r\u00fcn \u00f6nc\u00fclerinden olmak istemektedir.","link":"https:\/\/www.melibera.com\/blog\/author\/ozbe","slug":"ozbe","avatar_urls":{"24":"https:\/\/secure.gravatar.com\/avatar\/80a7d6a5d117a75106c65162ec243db5?s=24&d=mm&r=g","48":"https:\/\/secure.gravatar.com\/avatar\/80a7d6a5d117a75106c65162ec243db5?s=48&d=mm&r=g","96":"https:\/\/secure.gravatar.com\/avatar\/80a7d6a5d117a75106c65162ec243db5?s=96&d=mm&r=g"},"meta":[],"_links":{"self":[{"href":"https:\/\/www.melibera.com\/blog\/wp-json\/wp\/v2\/users\/1"}],"collection":[{"href":"https:\/\/www.melibera.com\/blog\/wp-json\/wp\/v2\/users"}]}}