{"id":1890,"date":"2020-02-12T16:21:52","date_gmt":"2020-02-12T16:21:52","guid":{"rendered":"https:\/\/www.melibera.com\/blog\/?p=1890"},"modified":"2026-02-12T16:25:42","modified_gmt":"2026-02-12T16:25:42","slug":"dijital-donusumde-profesyonel-web-tasarimin-onemi","status":"publish","type":"post","link":"https:\/\/www.melibera.com\/blog\/dijital-donusumde-profesyonel-web-tasarimin-onemi.html","title":{"rendered":"Dijital D\u00f6n\u00fc\u015f\u00fcmde Profesyonel Web Tasar\u0131m\u0131n \u00d6nemi"},"content":{"rendered":"<p>Dijitalle\u015fmenin h\u0131z kazand\u0131\u011f\u0131 g\u00fcn\u00fcm\u00fczde, bir markan\u0131n \u00e7evrimi\u00e7i varl\u0131\u011f\u0131 art\u0131k yaln\u0131zca bir vitrin de\u011fil, do\u011frudan sat\u0131\u015f ve g\u00fcven unsuru haline gelmi\u015ftir. Kullan\u0131c\u0131lar\u0131n bir firma hakk\u0131nda ilk izlenimi genellikle web sitesi \u00fczerinden olu\u015fur. Bu nedenle <strong>profesyonel web tasar\u0131m<\/strong>, yaln\u0131zca estetik bir \u00e7al\u0131\u015fma de\u011fil; marka kimli\u011fi, kullan\u0131c\u0131 deneyimi (UX) ve teknik performans\u0131n birle\u015fimidir.<\/p>\n<h2>Web Tasar\u0131m Neden Stratejik Bir Yat\u0131r\u0131md\u0131r?<\/h2>\n<p>Modern web tasar\u0131m, mobil uyumluluk, h\u0131zl\u0131 a\u00e7\u0131l\u0131\u015f s\u00fcresi ve SEO altyap\u0131s\u0131 gibi kritik unsurlar\u0131 i\u00e7inde bar\u0131nd\u0131r\u0131r. Arama motorlar\u0131 art\u0131k sadece i\u00e7erik de\u011fil, kullan\u0131c\u0131 deneyimini de s\u0131ralama kriteri olarak de\u011ferlendirmektedir. Bu noktada teknik altyap\u0131s\u0131 g\u00fc\u00e7l\u00fc, d\u00f6n\u00fc\u015f\u00fcm odakl\u0131 ve arama motoru dostu bir siteye sahip olmak b\u00fcy\u00fck avantaj sa\u011flar.<\/p>\n<p>Kurumsal firmalar i\u00e7in \u00f6zel olarak geli\u015ftirilen <a href=\"https:\/\/netradijital.com\/web-tasarim\/\" target=\"_blank\" rel=\"dofollow noopener\">web tasar\u0131m hizmeti<\/a>, markan\u0131n sekt\u00f6rdeki konumunu g\u00fc\u00e7lendiren stratejik bir ad\u0131md\u0131r. Do\u011fru planlanm\u0131\u015f bir site yap\u0131s\u0131; ziyaret\u00e7iyi y\u00f6nlendiren, g\u00fcven veren ve d\u00f6n\u00fc\u015f\u00fcm sa\u011flayan bir sistem olu\u015fturur.<\/p>\n<h2>Kullan\u0131c\u0131 Deneyimi (UX) ve D\u00f6n\u00fc\u015f\u00fcm Oran\u0131<\/h2>\n<p>Bir web sitesinin ba\u015far\u0131l\u0131 olmas\u0131 i\u00e7in sadece \u015f\u0131k g\u00f6r\u00fcnmesi yeterli de\u011fildir. Ziyaret\u00e7inin arad\u0131\u011f\u0131 bilgiye h\u0131zl\u0131 ula\u015fmas\u0131, net men\u00fc yap\u0131s\u0131, anla\u015f\u0131l\u0131r i\u00e7erik hiyerar\u015fisi ve mobil uyumluluk kritik fakt\u00f6rlerdir. \u00d6zellikle B2B firmalarda g\u00fcven unsuru, tasar\u0131m kalitesi ile do\u011frudan ili\u015fkilidir.<\/p>\n<ul>\n<li>H\u0131zl\u0131 y\u00fcklenen sayfalar<\/li>\n<li>Mobil uyumlu (responsive) tasar\u0131m<\/li>\n<li>SEO uyumlu kod yap\u0131s\u0131<\/li>\n<li>G\u00fc\u00e7l\u00fc g\u00fcvenlik altyap\u0131s\u0131<\/li>\n<li>Kolay y\u00f6netilebilir i\u00e7erik sistemi<\/li>\n<\/ul>\n<p>Bu unsurlar\u0131n tamam\u0131 profesyonel bir ekip taraf\u0131ndan planland\u0131\u011f\u0131nda web sitesi yaln\u0131zca bir tan\u0131t\u0131m arac\u0131 de\u011fil, aktif bir sat\u0131\u015f ve ileti\u015fim platformuna d\u00f6n\u00fc\u015f\u00fcr.<\/p>\n<h2>SEO ve Teknik Altyap\u0131n\u0131n Rol\u00fc<\/h2>\n<p>Web tasar\u0131m s\u00fcrecinde yap\u0131lan en b\u00fcy\u00fck hatalardan biri, SEO \u00e7al\u0131\u015fmalar\u0131n\u0131n sonradan eklenebilecek bir unsur olarak g\u00f6r\u00fclmesidir. Oysa arama motoru optimizasyonu (SEO), sitenin temel yap\u0131 ta\u015flar\u0131ndan biridir. Do\u011fru ba\u015fl\u0131k etiketleri (H1, H2, H3), optimize edilmi\u015f g\u00f6rseller, schema i\u015faretlemeleri ve teknik performans unsurlar\u0131 sitenin g\u00f6r\u00fcn\u00fcrl\u00fc\u011f\u00fcn\u00fc do\u011frudan etkiler.<\/p>\n<p>Bu noktada yaln\u0131zca tasar\u0131m de\u011fil, altyap\u0131 dan\u0131\u015fmanl\u0131\u011f\u0131 da b\u00fcy\u00fck \u00f6nem ta\u015f\u0131r. Kurumsal \u00f6l\u00e7ekli projelerde <a href=\"https:\/\/netradijital.com\/it-danismanlik-hizmeti\/\" target=\"_blank\" rel=\"dofollow noopener\">IT dan\u0131\u015fmanl\u0131k hizmeti<\/a> ile desteklenen web projeleri, uzun vadede daha s\u00fcrd\u00fcr\u00fclebilir ve g\u00fcvenli bir dijital yap\u0131 olu\u015fturur.<\/p>\n<h2>Mobil \u00d6ncelikli Tasar\u0131m Yakla\u015f\u0131m\u0131<\/h2>\n<p>G\u00fcn\u00fcm\u00fczde internet trafi\u011finin b\u00fcy\u00fck b\u00f6l\u00fcm\u00fc mobil cihazlardan gelmektedir. Bu nedenle mobil \u00f6ncelikli tasar\u0131m (mobile-first design) art\u0131k bir tercih de\u011fil, zorunluluktur. Google\u2019\u0131n mobil \u00f6ncelikli indeksleme sistemi, sitelerin mobil performans\u0131n\u0131 do\u011frudan s\u0131ralama kriteri olarak kullanmaktad\u0131r.<\/p>\n<p>Profesyonel bir ajans taraf\u0131ndan geli\u015ftirilen web projeleri, t\u00fcm cihazlarda sorunsuz \u00e7al\u0131\u015fan, kullan\u0131c\u0131 dostu ve y\u00fcksek performansl\u0131 yap\u0131lar sunar. Bu da marka alg\u0131s\u0131n\u0131 g\u00fc\u00e7lendirir ve rekabette \u00f6ne \u00e7\u0131kmay\u0131 sa\u011flar.<\/p>\n<h2>Sonu\u00e7: Dijitalde G\u00fc\u00e7l\u00fc Bir Marka Olman\u0131n Anahtar\u0131<\/h2>\n<p><a href=\"https:\/\/netradijital.com\/web-tasarim\/\" target=\"_blank\" rel=\"dofollow noopener\">Web tasar\u0131m<\/a> , g\u00fcn\u00fcm\u00fcz rekabet ortam\u0131nda firmalar\u0131n en \u00f6nemli dijital varl\u0131\u011f\u0131d\u0131r. Do\u011fru strateji ile planlanan, SEO uyumlu ve kullan\u0131c\u0131 deneyimi odakl\u0131 bir site; marka bilinirli\u011fini art\u0131r\u0131r, g\u00fcven olu\u015fturur ve sat\u0131\u015flar\u0131 destekler.<\/p>\n<p>E\u011fer markan\u0131z\u0131 dijital d\u00fcnyada g\u00fc\u00e7l\u00fc bir konuma ta\u015f\u0131mak istiyorsan\u0131z, teknik altyap\u0131s\u0131 sa\u011flam ve d\u00f6n\u00fc\u015f\u00fcm odakl\u0131 bir web projesi ile yola \u00e7\u0131kmal\u0131s\u0131n\u0131z. Profesyonel destek almak, s\u00fcreci h\u0131zland\u0131r\u0131r ve uzun vadede maliyet avantaj\u0131 sa\u011flar.<\/p>\n","protected":false},"excerpt":{"rendered":"<p>Dijitalle\u015fmenin h\u0131z kazand\u0131\u011f\u0131 g\u00fcn\u00fcm\u00fczde, bir markan\u0131n \u00e7evrimi\u00e7i varl\u0131\u011f\u0131 art\u0131k yaln\u0131zca bir vitrin de\u011fil, do\u011frudan sat\u0131\u015f ve g\u00fcven unsuru haline gelmi\u015ftir. &#8230; <\/p>\n<p class=\"read-more-container\"><a title=\"Dijital D\u00f6n\u00fc\u015f\u00fcmde Profesyonel Web Tasar\u0131m\u0131n \u00d6nemi\" class=\"read-more button\" href=\"https:\/\/www.melibera.com\/blog\/dijital-donusumde-profesyonel-web-tasarimin-onemi.html#more-1890\" aria-label=\"More on Dijital D\u00f6n\u00fc\u015f\u00fcmde Profesyonel Web Tasar\u0131m\u0131n \u00d6nemi\">Devam\u0131\u0131n\u0131 Oku<\/a><\/p>\n","protected":false},"author":1,"featured_media":1893,"comment_status":"open","ping_status":"open","sticky":false,"template":"","format":"standard","meta":{"footnotes":""},"categories":[348],"tags":[431,424,430],"aioseo_notices":[],"_links":{"self":[{"href":"https:\/\/www.melibera.com\/blog\/wp-json\/wp\/v2\/posts\/1890"}],"collection":[{"href":"https:\/\/www.melibera.com\/blog\/wp-json\/wp\/v2\/posts"}],"about":[{"href":"https:\/\/www.melibera.com\/blog\/wp-json\/wp\/v2\/types\/post"}],"author":[{"embeddable":true,"href":"https:\/\/www.melibera.com\/blog\/wp-json\/wp\/v2\/users\/1"}],"replies":[{"embeddable":true,"href":"https:\/\/www.melibera.com\/blog\/wp-json\/wp\/v2\/comments?post=1890"}],"version-history":[{"count":3,"href":"https:\/\/www.melibera.com\/blog\/wp-json\/wp\/v2\/posts\/1890\/revisions"}],"predecessor-version":[{"id":1895,"href":"https:\/\/www.melibera.com\/blog\/wp-json\/wp\/v2\/posts\/1890\/revisions\/1895"}],"wp:featuredmedia":[{"embeddable":true,"href":"https:\/\/www.melibera.com\/blog\/wp-json\/wp\/v2\/media\/1893"}],"wp:attachment":[{"href":"https:\/\/www.melibera.com\/blog\/wp-json\/wp\/v2\/media?parent=1890"}],"wp:term":[{"taxonomy":"category","embeddable":true,"href":"https:\/\/www.melibera.com\/blog\/wp-json\/wp\/v2\/categories?post=1890"},{"taxonomy":"post_tag","embeddable":true,"href":"https:\/\/www.melibera.com\/blog\/wp-json\/wp\/v2\/tags?post=1890"}],"curies":[{"name":"wp","href":"https:\/\/api.w.org\/{rel}","templated":true}]}}