{"id":159,"date":"2017-01-22T02:07:21","date_gmt":"2017-01-21T23:07:21","guid":{"rendered":"https:\/\/melibera.com\/blog\/?p=159"},"modified":"2022-09-30T21:16:59","modified_gmt":"2022-09-30T21:16:59","slug":"wordpress-site-tasima-sonrasi-linkler-calismiyor","status":"publish","type":"post","link":"https:\/\/www.melibera.com\/blog\/wordpress-site-tasima-sonrasi-linkler-calismiyor.html","title":{"rendered":"WordPress Site Ta\u015f\u0131ma Sonras\u0131 Linkler \u00c7al\u0131\u015fm\u0131yor"},"content":{"rendered":"<p>Merhabalar,<\/p>\n<p>WordPress \u00fczerinde en s\u0131k rastlanan hatalardan biridir site ta\u015f\u0131ma sonras\u0131 linklerin a\u00e7\u0131lmamas\u0131. Genellikle 404 hatas\u0131 vererek a\u00e7\u0131lmayan linkler bilmeyenler i\u00e7in \u00e7ok zor bir i\u015flemdir. Ancak Melibera Blog takip\u00e7ileri i\u00e7in wordpress hizmetleri i\u00e7erisinde \u00fccretsiz sa\u011flad\u0131\u011f\u0131m\u0131z desteklerden olan linklerin a\u00e7\u0131lmamas\u0131 sorununun \u00e7\u00f6z\u00fcm\u00fcn\u00fc k\u0131saca aktaraca\u011f\u0131z.<\/p>\n<p>WordPress web sitenizi farkl\u0131 bir hostinge ta\u015f\u0131d\u0131n\u0131z ya da sunucu kiralad\u0131n\u0131z ve sunucuya ta\u015f\u0131d\u0131n\u0131z. Veri taban\u0131na kadar b\u00fct\u00fcn ayarlar\u0131 yapt\u0131n\u0131z ancak web sitenizde hangi konuya girilirse girilsin konular a\u00e7\u0131lm\u0131yor ve bulunamad\u0131 diye hata veriyorsa bunun sebebi yanl\u0131\u015f ayarlanm\u0131\u015f linklerdir. Asl\u0131nda do\u011fru olarak ayarlad\u0131\u011f\u0131n\u0131z linkler site ta\u015f\u0131ma sonras\u0131nda bozulurlar. Bu i\u015flemin \u00e7\u00f6z\u00fcm\u00fcn\u00fc \u00e7o\u011fu ki\u015fi veritaban\u0131ndan ayarlamaya \u00e7al\u0131\u015fmaktad\u0131r. Evet veritaban\u0131 \u00fczerinden bu problemi \u00e7\u00f6zmek m\u00fcmk\u00fcnd\u00fcr ancak bu uzun s\u00fcrecek bir i\u015flemdir ve veritaban\u0131ndan linklerinizi d\u00fczeltirken web sitenizi tamamen bozma ihtimaliniz bulunmaktad\u0131r.<\/p>\n<p>Melibera <a href=\"https:\/\/www.melibera.com\/kategori\/hosting\/wordpress-hosting\">wordpress<\/a> hizmetleri olarak bu sorunun \u00e7\u00f6z\u00fcm\u00fcn\u00fc pratik yoldan nas\u0131l \u00e7\u00f6zece\u011finizi ad\u0131m ad\u0131m anlataca\u011f\u0131z. A\u015fa\u011f\u0131daki ad\u0131mlar\u0131 takip ederek k\u0131sa s\u00fcrede probleminizi \u00e7\u00f6zebilirsiniz.<\/p>\n<ul>\n<li>WordPress admin panelinize giriniz.<\/li>\n<li>Ayarlar &gt; Kal\u0131c\u0131 ba\u011flant\u0131lar yolunu takip ediniz.<\/li>\n<li>Kal\u0131c\u0131 ba\u011flant\u0131larda hi\u00e7bir i\u015flem yapmay\u0131n\u0131z ve \u201ckaydet\u201d butonuna bas\u0131n\u0131z.<\/li>\n<\/ul>\n<p>&nbsp;<\/p>\n<p>Evet i\u015fte bu kadar! Probleminiz \u00e7\u00f6z\u00fcld\u00fc. \u0130stisnai durumlarda bu i\u015flem i\u015fe yaramamaktad\u0131r. E\u011fer i\u015fe yaramad\u0131ysa kal\u0131c\u0131 ba\u011flant\u0131larda farkl\u0131 bir kal\u0131c\u0131 ba\u011flant\u0131 tipi se\u00e7ip kaydet butonuna bas\u0131n\u0131z. Ard\u0131ndan eski ayarlar\u0131n\u0131za geri d\u00f6n\u00fcn ve sorun %100 \u00e7\u00f6z\u00fclm\u00fc\u015f olacakt\u0131r.<\/p>\n<p>WordPress devaml\u0131 olarak kendini g\u00fcncelle\u015ftiren bir CMS yaz\u0131l\u0131m\u0131d\u0131r. E\u011fer bu y\u00f6ntem sorununuzu \u00e7\u00f6zmediyse muhtemelen wordpress yapt\u0131\u011f\u0131 g\u00fcncelle\u015ftirmeler ile birlikte bir \u015feyleri de\u011fi\u015ftirmi\u015f ve bu hatan\u0131n farkl\u0131 bir \u00e7\u00f6z\u00fcm yolu olu\u015fmu\u015f olabilir. Sorununuz \u00e7\u00f6z\u00fclmedi\u011fi takdirde ileti\u015fim sayfas\u0131ndan bizimle irtibata ge\u00e7erseniz sorunun yeni \u00e7\u00f6z\u00fcm\u00fcn\u00fc sizin ara\u015ft\u0131rabilir ve takip\u00e7ilerimizle payla\u015fabiliriz.<\/p>\n<p>Melibera WordPress hizmetlerini tercih etti\u011finiz i\u00e7in te\u015fekk\u00fcr ederiz. Mutlu bloglamalar! J<\/p>\n","protected":false},"excerpt":{"rendered":"<p>Merhabalar, WordPress \u00fczerinde en s\u0131k rastlanan hatalardan biridir site ta\u015f\u0131ma sonras\u0131 linklerin a\u00e7\u0131lmamas\u0131. Genellikle 404 hatas\u0131 vererek a\u00e7\u0131lmayan linkler bilmeyenler &#8230; <\/p>\n<p class=\"read-more-container\"><a title=\"WordPress Site Ta\u015f\u0131ma Sonras\u0131 Linkler \u00c7al\u0131\u015fm\u0131yor\" class=\"read-more button\" href=\"https:\/\/www.melibera.com\/blog\/wordpress-site-tasima-sonrasi-linkler-calismiyor.html#more-159\" aria-label=\"More on WordPress Site Ta\u015f\u0131ma Sonras\u0131 Linkler \u00c7al\u0131\u015fm\u0131yor\">Devam\u0131\u0131n\u0131 Oku<\/a><\/p>\n","protected":false},"author":1,"featured_media":77,"comment_status":"open","ping_status":"open","sticky":false,"template":"","format":"standard","meta":{"footnotes":""},"categories":[6],"tags":[],"aioseo_notices":[],"_links":{"self":[{"href":"https:\/\/www.melibera.com\/blog\/wp-json\/wp\/v2\/posts\/159"}],"collection":[{"href":"https:\/\/www.melibera.com\/blog\/wp-json\/wp\/v2\/posts"}],"about":[{"href":"https:\/\/www.melibera.com\/blog\/wp-json\/wp\/v2\/types\/post"}],"author":[{"embeddable":true,"href":"https:\/\/www.melibera.com\/blog\/wp-json\/wp\/v2\/users\/1"}],"replies":[{"embeddable":true,"href":"https:\/\/www.melibera.com\/blog\/wp-json\/wp\/v2\/comments?post=159"}],"version-history":[{"count":1,"href":"https:\/\/www.melibera.com\/blog\/wp-json\/wp\/v2\/posts\/159\/revisions"}],"predecessor-version":[{"id":1836,"href":"https:\/\/www.melibera.com\/blog\/wp-json\/wp\/v2\/posts\/159\/revisions\/1836"}],"wp:featuredmedia":[{"embeddable":true,"href":"https:\/\/www.melibera.com\/blog\/wp-json\/wp\/v2\/media\/77"}],"wp:attachment":[{"href":"https:\/\/www.melibera.com\/blog\/wp-json\/wp\/v2\/media?parent=159"}],"wp:term":[{"taxonomy":"category","embeddable":true,"href":"https:\/\/www.melibera.com\/blog\/wp-json\/wp\/v2\/categories?post=159"},{"taxonomy":"post_tag","embeddable":true,"href":"https:\/\/www.melibera.com\/blog\/wp-json\/wp\/v2\/tags?post=159"}],"curies":[{"name":"wp","href":"https:\/\/api.w.org\/{rel}","templated":true}]}}