{"id":1367,"date":"2019-10-26T11:43:36","date_gmt":"2019-10-26T11:43:36","guid":{"rendered":"https:\/\/www.melibera.com\/blog\/?p=1367"},"modified":"2022-09-30T21:11:47","modified_gmt":"2022-09-30T21:11:47","slug":"windows-bu-diske-yuklenemez-secilen-disk-gpt-bolumu-stilinde-hatasi","status":"publish","type":"post","link":"https:\/\/www.melibera.com\/blog\/windows-bu-diske-yuklenemez-secilen-disk-gpt-bolumu-stilinde-hatasi.html","title":{"rendered":"Windows Bu Diske Y\u00fcklenemez Se\u00e7ilen Disk GPT B\u00f6l\u00fcm\u00fc Stilinde Hatas\u0131"},"content":{"rendered":"<p>Merhaba,<\/p>\n<p>Bilgisayar\u0131n\u0131za format atmak istiyorsan\u0131z yada yeni bir disk alarak kurulum yapmaya \u00e7al\u0131\u015f\u0131yorsan\u0131z baz\u0131 durumlarda Windows bu diske y\u00fcklenemez <strong>s<\/strong><strong>e\u00e7ilen disk GPT b\u00f6l\u00fcm\u00fc stilinde <\/strong>hatas\u0131 alabilirsiniz. \u0130lgili hatay\u0131 ald\u0131\u011f\u0131n\u0131zda disk se\u00e7im ekran\u0131nda herhangi bir i\u015flem yapman\u0131za izin vermez ve kuruluma devam edemezsiniz. GBT stilinde hatas\u0131n\u0131 alman\u0131z durumunda yapman\u0131z gereken bir ka\u00e7 i\u015flem vard\u0131r. Windows komut sat\u0131r\u0131n\u0131 a\u00e7arak diskinizin bi\u00e7imlendirerek format\u0131n\u0131 de\u011fi\u015ftirebilirsiniz. \u0130\u015flem sonras\u0131 kurulumunuzu ba\u015far\u0131l\u0131 bir \u015fekilde sonland\u0131racaks\u0131n\u0131z.<\/p>\n<p>\u00d6ncelikle bu i\u015flem sonucunda se\u00e7ti\u011finiz disk i\u00e7erisindeki t\u00fcm veriler silinecektir. \u0130\u015fleme ba\u015flamadan \u00f6nce diskininizin i\u00e7erisinde yer alan t\u00fcm verilerin yede\u011fini alman\u0131z gerekmektedir.<\/p>\n<ol>\n<li>Shift + F10 tu\u015funa basarak ms-dos komut sat\u0131r\u0131na eri\u015feceksiniz. Bu i\u015flemi hatay\u0131 ald\u0131\u011f\u0131n\u0131z ekranda da yapabilirsiniz.<\/li>\n<li>diskpart yazarak enter tu\u015funa bas\u0131yorsunuz.<\/li>\n<li>list disk yazarak enter tu\u015funa bas\u0131yorsunuz.<\/li>\n<li>select disk 0 yazarak enter tu\u015funa bas\u0131yorsunuz.( Birden fazla diskiniz varsa kurulum yapaca\u011f\u0131n\u0131z disk numaras\u0131n\u0131 yaz\u0131yorsunuz.)<\/li>\n<li>clean yazarak enter tu\u015funa bas\u0131yorsunuz. (Bu komut diskinizi bi\u00e7imlendirir ve i\u00e7erisindeki her\u015feyi silecektir.<\/li>\n<li>convert MBR yazarak enter tu\u015funa bas\u0131yorsunuz.<\/li>\n<\/ol>\n<p>\u0130\u015fte bu kadar art\u0131k kurulumumuza devam edebiliriz. \ud83d\ude42<\/p>\n","protected":false},"excerpt":{"rendered":"<p>Merhaba, Bilgisayar\u0131n\u0131za format atmak istiyorsan\u0131z yada yeni bir disk alarak kurulum yapmaya \u00e7al\u0131\u015f\u0131yorsan\u0131z baz\u0131 durumlarda Windows bu diske y\u00fcklenemez se\u00e7ilen &#8230; <\/p>\n<p class=\"read-more-container\"><a title=\"Windows Bu Diske Y\u00fcklenemez Se\u00e7ilen Disk GPT B\u00f6l\u00fcm\u00fc Stilinde Hatas\u0131\" class=\"read-more button\" href=\"https:\/\/www.melibera.com\/blog\/windows-bu-diske-yuklenemez-secilen-disk-gpt-bolumu-stilinde-hatasi.html#more-1367\" aria-label=\"More on Windows Bu Diske Y\u00fcklenemez Se\u00e7ilen Disk GPT B\u00f6l\u00fcm\u00fc Stilinde Hatas\u0131\">Devam\u0131\u0131n\u0131 Oku<\/a><\/p>\n","protected":false},"author":1,"featured_media":1368,"comment_status":"open","ping_status":"open","sticky":false,"template":"","format":"standard","meta":{"footnotes":""},"categories":[67,13],"tags":[316,315,314],"aioseo_notices":[],"_links":{"self":[{"href":"https:\/\/www.melibera.com\/blog\/wp-json\/wp\/v2\/posts\/1367"}],"collection":[{"href":"https:\/\/www.melibera.com\/blog\/wp-json\/wp\/v2\/posts"}],"about":[{"href":"https:\/\/www.melibera.com\/blog\/wp-json\/wp\/v2\/types\/post"}],"author":[{"embeddable":true,"href":"https:\/\/www.melibera.com\/blog\/wp-json\/wp\/v2\/users\/1"}],"replies":[{"embeddable":true,"href":"https:\/\/www.melibera.com\/blog\/wp-json\/wp\/v2\/comments?post=1367"}],"version-history":[{"count":1,"href":"https:\/\/www.melibera.com\/blog\/wp-json\/wp\/v2\/posts\/1367\/revisions"}],"predecessor-version":[{"id":1784,"href":"https:\/\/www.melibera.com\/blog\/wp-json\/wp\/v2\/posts\/1367\/revisions\/1784"}],"wp:featuredmedia":[{"embeddable":true,"href":"https:\/\/www.melibera.com\/blog\/wp-json\/wp\/v2\/media\/1368"}],"wp:attachment":[{"href":"https:\/\/www.melibera.com\/blog\/wp-json\/wp\/v2\/media?parent=1367"}],"wp:term":[{"taxonomy":"category","embeddable":true,"href":"https:\/\/www.melibera.com\/blog\/wp-json\/wp\/v2\/categories?post=1367"},{"taxonomy":"post_tag","embeddable":true,"href":"https:\/\/www.melibera.com\/blog\/wp-json\/wp\/v2\/tags?post=1367"}],"curies":[{"name":"wp","href":"https:\/\/api.w.org\/{rel}","templated":true}]}}